{"id":1258,"date":"2022-04-02T09:15:33","date_gmt":"2022-04-02T07:15:33","guid":{"rendered":"http:\/\/leseptiemeart.com\/?p=1258"},"modified":"2022-07-03T13:16:14","modified_gmt":"2022-07-03T11:16:14","slug":"belfast","status":"publish","type":"post","link":"https:\/\/leseptiemeart.com\/index.php\/2022\/04\/02\/belfast\/","title":{"rendered":"Belfast"},"content":{"rendered":"\n<blockquote class=\"wp-block-quote has-text-align-center is-layout-flow wp-block-quote-is-layout-flow\"><p>\u00ab&nbsp;Be&nbsp;good,&nbsp;son.&nbsp;If you can&rsquo;t&nbsp;be good, be careful&nbsp;!&nbsp;\u00bb<\/p><p><\/p><\/blockquote>\n\n\n\n<p class=\"has-text-align-center\"><strong>En trois mots&nbsp;? Modeste, nostalgique, personnel.<\/strong> <em>So, let\u2019s have a look&nbsp;!<\/em><\/p>\n\n\n\n<p>Sorti en 2022, Belfast est un film librement inspir\u00e9 de la propre histoire du r\u00e9alisateur Kenneth Branagh, dont la popularit\u00e9 ne cesse de croire depuis les adaptations cin\u00e9matographiques des bestsellers d\u2019Agatha Christie.<\/p>\n\n\n\n<p><strong>Alors, c\u2019est quoi le pitch&nbsp;? <\/strong>Buddy, neuf&nbsp;ans, grandit au sein d&rsquo;une famille protestante d\u2019Ulster dans les ann\u00e9es 1960. Alors qu&rsquo;il m\u00e8ne une vie d&rsquo;enfant heureuse, le jeune gar\u00e7on va soudainement \u00eatre propuls\u00e9 au milieu d\u2019\u00e9v\u00e9nements qui le d\u00e9passent, pr\u00e9mices d\u2019une guerre civile.<\/p>\n\n\n\n<p>La quasi-totalit\u00e9 du film est tourn\u00e9e en noir et blanc, cr\u00e9ant une immersion dans le pass\u00e9 \u00e0 la fois authentique et <em>sublimante<\/em>. Amoureux des paysages irlandais, vous resterez sur votre faim, car mis \u00e0 part les plans a\u00e9riens d\u2019ouverture et de fermeture, la vue de Belfast se r\u00e9sumera ici \u00e0 une seule rue. Cette unit\u00e9 de lieu repr\u00e9sente d\u2019ailleurs avec fid\u00e9lit\u00e9 la vie communautaire chaleureuse de la population nord-irlandaise des ann\u00e9es soixante. Le film d\u00e9marre dans cette rue principale, \u00e0 la recherche du jeune Buddy, laissant d\u00e8s le d\u00e9part sous-entendre une vision \u00e0 hauteur du petit homme, parti pris toujours fort int\u00e9ressant [c\u2019est l\u00e0 que Belfast poss\u00e8de des airs appr\u00e9ciables de <em>Le Tambour&nbsp;1979 <\/em>ou <em>Jojo Rabbit 2019<\/em>]. C\u2019est apr\u00e8s un d\u00e9marrage gai et enjou\u00e9 que l\u2019insouciance de Buddy vole litt\u00e9ralement en \u00e9clats. Le jeune gar\u00e7on se retrouve paralys\u00e9 au milieu d\u2019une exp\u00e9dition punitive conduite par des protestants extr\u00e9mistes contre la population catholique de son quartier, alors m\u00eame que les deux communaut\u00e9s vivaient jusqu\u2019alors en harmonie. Au milieu de cette sauvagerie urbaine, on fait la connaissance de la famille de Buddy, unie, moderne et en avance sur son temps, qui transcende les querelles religieuses. Toutefois, le manque de travail, les difficult\u00e9s financi\u00e8res et d\u00e9sormais les conflits religieux, les poussent un peu plus chaque jour vers l\u2019exil. Rester ou partir, telle est la question centrale de ce film. Si le p\u00e8re de famille est attir\u00e9 par un avenir meilleur loin de son Irlande natale, la m\u00e8re est terrifi\u00e9e \u00e0 l\u2019id\u00e9e d\u2019\u00eatre d\u00e9racin\u00e9e. D\u00e8s lors, vont-ils c\u00e9der \u00e0 la pression qui s\u2019accentue&nbsp;? Vont-ils seulement avoir le temps de choisir&nbsp;?<\/p>\n\n\n\n<p>A ceux qui nourriraient une pointe de d\u00e9ception apr\u00e8s visionnage ou voudraient \u00eatre pr\u00e9venus avant visionnage, sachez que :<\/p>\n\n\n\n<p><strong>Petit 1&nbsp;:<\/strong> ce long m\u00e9trage n\u2019est pas un film historique sur le conflit religieux en Ulster, donc pour la remise \u00e0 niveau en Histoire, ouvrez fi\u00e7a un Larousse.<\/p>\n\n\n\n<p><strong>Petit 2&nbsp;:<\/strong> ce long m\u00e9trage est \u00e9tay\u00e9 du point de vue d\u2019un enfant de neuf ans, raison pour laquelle les pr\u00e9occupations mises en jeu ne sont volontairement pas adultis\u00e9es ni m\u00eame formellement contextualis\u00e9es.<\/p>\n\n\n\n<p><strong>Petit 3<\/strong>&nbsp;: ce long m\u00e9trage s\u2019appuie sur une chronique familiale, c\u2019est pourquoi il ne r\u00e9serve pas un traitement de choix aux points de vue ext\u00e9rieurs aux membres de la famille et repose sur une vision volontairement \u00e9gocentr\u00e9e.<\/p>\n\n\n\n<p class=\"has-text-align-center\"><strong>Voyez donc ce film pour ce qu\u2019il est et ne soyez pas [trop] d\u00e9\u00e7us par ce qu\u2019il ne vous promet pas.<\/strong><\/p>\n\n\n\n<p><\/p>\n\n\n\n<p><\/p>\n\n\n\n<p><strong>Et au final, on en pense quoi&nbsp;? <\/strong>Ce long m\u00e9trage est un hommage fort et sinc\u00e8re fait \u00e0 une famille mais aussi \u00e0 ceux qui sont rest\u00e9s, ceux qui sont partis et ceux qui ne sont plus. La d\u00e9marche est respectable et le choix du r\u00e9alisateur audible m\u00eame si je n\u2019ai \u00e9motionnellement pas vibr\u00e9 autant qu\u2019esp\u00e9r\u00e9 [ind\u00e9pendamment des choix sc\u00e9naristiques \u00e9voqu\u00e9s plus hauts]. C\u2019est l\u00e0 qu\u2019on s\u2019\u00e9loigne d\u2019un <em>Le Tambour \/ Jojo Rabbit <\/em>mais c\u2019est toujours mieux que les remakes superf\u00e9tatoires des \u0153uvres d\u2019Agatha Christie.<\/p>\n\n\n\n<p class=\"has-text-align-center\"><\/p>\n\n\n\n<p>&gt; Actuellement en salle<\/p>\n","protected":false},"excerpt":{"rendered":"<p>\u00ab&nbsp;Be&nbsp;good,&nbsp;son.&nbsp;If you can&rsquo;t&nbsp;be good, be careful&nbsp;!&nbsp;\u00bb En trois mots&nbsp;? Modeste, nostalgique, personnel. So, let\u2019s have a look&nbsp;! Sorti en 2022, Belfast est un film librement &hellip;<\/p>\n","protected":false},"author":1,"featured_media":1259,"comment_status":"closed","ping_status":"","sticky":false,"template":"","format":"standard","meta":{"footnotes":""},"categories":[17],"tags":[],"class_list":["post-1258","post","type-post","status-publish","format-standard","has-post-thumbnail","hentry","category-drame"],"_links":{"self":[{"href":"https:\/\/leseptiemeart.com\/index.php\/wp-json\/wp\/v2\/posts\/1258","targetHints":{"allow":["GET"]}}],"collection":[{"href":"https:\/\/leseptiemeart.com\/index.php\/wp-json\/wp\/v2\/posts"}],"about":[{"href":"https:\/\/leseptiemeart.com\/index.php\/wp-json\/wp\/v2\/types\/post"}],"author":[{"embeddable":true,"href":"https:\/\/leseptiemeart.com\/index.php\/wp-json\/wp\/v2\/users\/1"}],"replies":[{"embeddable":true,"href":"https:\/\/leseptiemeart.com\/index.php\/wp-json\/wp\/v2\/comments?post=1258"}],"version-history":[{"count":14,"href":"https:\/\/leseptiemeart.com\/index.php\/wp-json\/wp\/v2\/posts\/1258\/revisions"}],"predecessor-version":[{"id":1733,"href":"https:\/\/leseptiemeart.com\/index.php\/wp-json\/wp\/v2\/posts\/1258\/revisions\/1733"}],"wp:featuredmedia":[{"embeddable":true,"href":"https:\/\/leseptiemeart.com\/index.php\/wp-json\/wp\/v2\/media\/1259"}],"wp:attachment":[{"href":"https:\/\/leseptiemeart.com\/index.php\/wp-json\/wp\/v2\/media?parent=1258"}],"wp:term":[{"taxonomy":"category","embeddable":true,"href":"https:\/\/leseptiemeart.com\/index.php\/wp-json\/wp\/v2\/categories?post=1258"},{"taxonomy":"post_tag","embeddable":true,"href":"https:\/\/leseptiemeart.com\/index.php\/wp-json\/wp\/v2\/tags?post=1258"}],"curies":[{"name":"wp","href":"https:\/\/api.w.org\/{rel}","templated":true}]}}