{"id":1303,"date":"2022-04-20T21:21:33","date_gmt":"2022-04-20T19:21:33","guid":{"rendered":"http:\/\/leseptiemeart.com\/?p=1303"},"modified":"2022-07-03T13:22:00","modified_gmt":"2022-07-03T11:22:00","slug":"jusqua-la-garde","status":"publish","type":"post","link":"https:\/\/leseptiemeart.com\/index.php\/2022\/04\/20\/jusqua-la-garde\/","title":{"rendered":"Jusqu&rsquo;\u00e0 la Garde"},"content":{"rendered":"\n<blockquote class=\"wp-block-quote has-text-align-center is-layout-flow wp-block-quote-is-layout-flow\"><p><em>\u00ab&nbsp;Je sais pas\u2026 Lequel des deux ment le plus&nbsp;?&nbsp;\u00bb<\/em><\/p><p><\/p><\/blockquote>\n\n\n\n<p class=\"has-text-align-center\"><strong>En trois mots&nbsp;? Mena\u00e7ant, \u00e9prouvant, douloureux.<\/strong><em> So, let\u2019s have a look&nbsp;!<\/em><\/p>\n\n\n\n<p class=\"has-text-align-center\">Sorti en 2017, <em>Jusqu\u2019\u00e0 la garde <\/em>a obtenu deux ann\u00e9es plus tard, le C\u00e9sar du meilleur film. R\u00e9compense m\u00e9rit\u00e9e&nbsp;?<\/p>\n\n\n\n<p class=\"has-text-align-center\"><\/p>\n\n\n\n<p><strong>Alors, c\u2019est quoi le pitch&nbsp;?<\/strong> Miriam et Antoine Besson sont en plein divorce. La m\u00e8re de famille sollicite la garde exclusive de leur fils, quand le p\u00e8re plaide pour une garde altern\u00e9e.<\/p>\n\n\n\n<p><em>Jusqu\u2019\u00e0 la garde ou serait-ce jusqu\u2019\u00e0 la fin&nbsp;?<\/em> Car le titre se transforme ais\u00e9ment en question annonciatrice d\u2019une trag\u00e9die. Sans attendre, le spectateur est cueilli \u00e0 froid par une audience solennelle qui se d\u00e9roule devant la juge aux affaires familiales charg\u00e9e de statuer sur les dispositions du divorce des \u00e9poux Besson, dont on imagine qu\u2019il se sont autrefois aim\u00e9s. De cet amour, rien ne semble avoir subsist\u00e9, si ce n\u2019est deux enfants \u00e2g\u00e9s de 11 et bient\u00f4t 18 ans, Julien et Jos\u00e9phine. En \u00e9crivant cette critique, je r\u00e9alise avoir du mal \u00e0 me rappeler le pr\u00e9nom de la jeune fille. Et pour cause&nbsp;! Son r\u00f4le est secondaire voire tertiaire et l\u2019on peine \u00e0 saisir l\u2019intrigue parall\u00e8le avort\u00e9e qui voit le jour la concernant [mais passons]. Ce long m\u00e9trage se concentre donc sur un trio&nbsp;compos\u00e9 de la m\u00e8re [L\u00e9a Drucker], du p\u00e8re [Denis M\u00e9nochet] et du fils [Thomas Gioria] et d\u00e9voile progressivement l\u2019atmosph\u00e8re qui sous-tend leurs relations. R\u00e9trospectivement, les personnages souffrent peut-\u00eatre d\u2019un exc\u00e8s de caricature au physique mais ils n\u2019en demeurent pas moins cr\u00e9dibles [les deux n\u2019\u00e9tant pas incompatibles].<\/p>\n\n\n\n<p>Certains reprocheront au film de taire l\u2019historique familial mais c\u2019est \u00e0 mon sens amener avec intelligence l\u2019histoire qui se joue car d\u00e8s le d\u00e9part, il est impossible de savoir qui dit vrai. Sommes-nous face \u00e0 une femme violent\u00e9e&nbsp;et un mari brutal&nbsp;? Ou bien face \u00e0 une m\u00e8re manipulatrice et un p\u00e8re en passe d\u2019\u00eatre priv\u00e9 de ses enfants&nbsp;? Ou peut-\u00eatre, la v\u00e9rit\u00e9 se situe-t-elle \u00e0 une fronti\u00e8re t\u00e9nue entre les deux&nbsp;hypoth\u00e8ses ? Tout du long,<em> Jusqu\u2019\u00e0 la garde<\/em> ne cherche pas \u00e0 susciter l\u2019empathie ni \u00e0 fabriquer l\u2019\u00e9motion. Les s\u00e9quences sont brutes et on \u00e9vite ainsi l\u2019\u00e9cueil du long m\u00e9trage tire-larme. Ouf. Le concentr\u00e9 d\u2019\u00e9motions explosif sera d\u00e9ploy\u00e9 dans une sc\u00e8ne finale suffocante, qui ne proposera que peu d\u2019issues.<\/p>\n\n\n\n<p><strong>Et au final, on en pense quoi&nbsp;? <\/strong>Durant 1h33, vous attendrez et craindrez le moment fatidique annonc\u00e9 dans le titre. Pour autant, ce film n\u2019a rien d\u2019un thriller, il se rapproche davantage du fait divers dramatique. Attention toutefois \u00e0 ne pas en tirer une conclusion \u00e0 valeur de v\u00e9rit\u00e9 g\u00e9n\u00e9rale car chaque situation est singuli\u00e8re et ce serait faire offense au douloureux sujet.<\/p>\n\n\n\n<p class=\"has-text-align-center\"><\/p>\n\n\n\n<p>&gt; Actuellement sur Netflix<\/p>\n","protected":false},"excerpt":{"rendered":"<p>\u00ab&nbsp;Je sais pas\u2026 Lequel des deux ment le plus&nbsp;?&nbsp;\u00bb En trois mots&nbsp;? Mena\u00e7ant, \u00e9prouvant, douloureux. So, let\u2019s have a look&nbsp;! Sorti en 2017, Jusqu\u2019\u00e0 la &hellip;<\/p>\n","protected":false},"author":1,"featured_media":1306,"comment_status":"closed","ping_status":"","sticky":false,"template":"","format":"standard","meta":{"footnotes":""},"categories":[17],"tags":[],"class_list":["post-1303","post","type-post","status-publish","format-standard","has-post-thumbnail","hentry","category-drame"],"_links":{"self":[{"href":"https:\/\/leseptiemeart.com\/index.php\/wp-json\/wp\/v2\/posts\/1303","targetHints":{"allow":["GET"]}}],"collection":[{"href":"https:\/\/leseptiemeart.com\/index.php\/wp-json\/wp\/v2\/posts"}],"about":[{"href":"https:\/\/leseptiemeart.com\/index.php\/wp-json\/wp\/v2\/types\/post"}],"author":[{"embeddable":true,"href":"https:\/\/leseptiemeart.com\/index.php\/wp-json\/wp\/v2\/users\/1"}],"replies":[{"embeddable":true,"href":"https:\/\/leseptiemeart.com\/index.php\/wp-json\/wp\/v2\/comments?post=1303"}],"version-history":[{"count":21,"href":"https:\/\/leseptiemeart.com\/index.php\/wp-json\/wp\/v2\/posts\/1303\/revisions"}],"predecessor-version":[{"id":1739,"href":"https:\/\/leseptiemeart.com\/index.php\/wp-json\/wp\/v2\/posts\/1303\/revisions\/1739"}],"wp:featuredmedia":[{"embeddable":true,"href":"https:\/\/leseptiemeart.com\/index.php\/wp-json\/wp\/v2\/media\/1306"}],"wp:attachment":[{"href":"https:\/\/leseptiemeart.com\/index.php\/wp-json\/wp\/v2\/media?parent=1303"}],"wp:term":[{"taxonomy":"category","embeddable":true,"href":"https:\/\/leseptiemeart.com\/index.php\/wp-json\/wp\/v2\/categories?post=1303"},{"taxonomy":"post_tag","embeddable":true,"href":"https:\/\/leseptiemeart.com\/index.php\/wp-json\/wp\/v2\/tags?post=1303"}],"curies":[{"name":"wp","href":"https:\/\/api.w.org\/{rel}","templated":true}]}}