{"id":1600,"date":"2022-06-21T08:43:11","date_gmt":"2022-06-21T06:43:11","guid":{"rendered":"https:\/\/leseptiemeart.com\/?p=1600"},"modified":"2022-06-25T13:29:07","modified_gmt":"2022-06-25T11:29:07","slug":"je-veux-juste-en-finir","status":"publish","type":"post","link":"https:\/\/leseptiemeart.com\/index.php\/2022\/06\/21\/je-veux-juste-en-finir\/","title":{"rendered":"Je Veux Juste En Finir"},"content":{"rendered":"\n<blockquote class=\"wp-block-quote has-text-align-center is-layout-flow wp-block-quote-is-layout-flow\"><p>\u00ab&nbsp;J\u2019envisage de mettre un terme \u00e0 tout \u00e7a. \u00c0 quoi bon s\u2019accrocher \u00e0 tout prix ? Je sais o\u00f9 on est et o\u00f9 on va. Jake est un mec super mais \u00e7a ne m\u00e8ne \u00e0 rien tout \u00e7a. Je le sais depuis un moment. Peut-\u00eatre que c\u2019est dans la nature humaine de continuer en sachant qu\u2019on va nulle part. Changer de voie, \u00e7a requiert trop d\u2019\u00e9nergie et une volont\u00e9 de fer. Les gens pr\u00e9f\u00e8rent rester dans leur relation toxique parce que c\u2019est plus simple, m\u00eame s\u2019ils savent qu\u2019elle a pass\u00e9 sa date d\u2019expiration.&nbsp;\u00bb<\/p><\/blockquote>\n\n\n\n<p class=\"has-text-align-center\"><strong>En trois mots&nbsp;? M\u00e9taphorique, brumeux, imp\u00e9n\u00e9trable.<\/strong> <em>So, let\u2019s have a look&nbsp;!<\/em><\/p>\n\n\n\n<p>Sorti en 2020, <em>Je veux juste en finir <\/em>est l\u2019adaptation du roman <em>Je sens grandir ma peur<\/em> de Iain Reid par Charlie Kaufman [Eternal Sunshine of the Spotless Mind \/ Dans la peau de John Malkovich]. Si on d\u00e9marre avec une all\u00e9chante citation de d\u00e9part, pour la suite, accrochez-vous \u00e0 votre si\u00e8ge\u2026<\/p>\n\n\n\n<p><strong>Alors, c\u2019est quoi le pitch&nbsp;?<\/strong> Jake [Jesse Plemons] et Lucy [Jessie Buckley] sont un jeune couple t\u00e2tonnant. Ils s\u2019engagent dans un long trajet en voiture afin de rejoindre les parents de celui-ci [Toni Collette et David Thewlis], qui rencontreront pour la premi\u00e8re fois la jeune femme.<\/p>\n\n\n\n<p><em>Je veux juste en finir <\/em>est le genre de film qui vous montre tout ce que vous n\u2019esp\u00e9riez pas et qui tait absolument tout ce que vous attendiez. Non, \u00e7a ne parle pas d\u2019un \u00e9ventuel projet de suicide comme le sugg\u00e8re le titre. Non, \u00e7a ne parle pas non plus d\u2019une \u00e9ventuelle rupture sentimentale comme le sugg\u00e8re la tirade de d\u00e9part. Mais de quoi, alors&nbsp;?! En bref, c\u2019est un r\u00e9cit m\u00e9taphorique qui revient sur la d\u00e9cevante vie de Jake (oui Jake, pas Lucy, vous suivez&nbsp;?), dans laquelle Lucy n\u2019aura jamais vraiment exist\u00e9 (WTF ?!?!?!).<\/p>\n\n\n\n<p><em>Je veux juste en finir <\/em>repose sur un rythme apathique, un climat de tension artificiellement gonfl\u00e9 et des r\u00e9f\u00e9rences cin\u00e9matographiques et litt\u00e9raires accessibles seulement aux \u00e9rudits et aux perch\u00e9s. Si certaines sont identifiables (comme le discours de fin qui renvoie \u00e0 celui d\u2019<em>un Homme d\u2019exception<\/em>) d\u2019autres rel\u00e8vent presque du foutage de gueule (de l\u2019aveu m\u00eame du r\u00e9alisateur, la parenth\u00e8se interloquante attribu\u00e9e \u00e0 <em>Robert Zemeckis <\/em>est le pur fruit du hasard). Ainsi, difficile voire impossible de savoir o\u00f9 veut en venir Kaufman en ajoutant \u00e0 un bouquin d\u00e9j\u00e0 brumeux, des d\u00e9tails \u00e9nigmatiques, incompr\u00e9hensibles et superflus. Est-ce un hommage&nbsp;? Un \u00e9cho&nbsp;? Une vaste fumisterie&nbsp;? Toutes ces r\u00e9f\u00e9rences rendent le film insondable et la d\u00e9marche en deviendrait presque insultante car c\u2019est le genre d\u2019adaptation qui donne la sensation d\u2019avoir \u00e9t\u00e9 faite \u00e9go\u00efstement pour soi [soi = le r\u00e9alisateur]. Juste un plaisir tr\u00e8s personnel, un peu comme un paquet g\u00e9ant de Curly \u00e0 ne pas partager. L\u2019int\u00e9r\u00eat nous \u00e9chappe et la r\u00e9sistante des spectateurs est \u00e0 la hauteur de la dissonance du projet.<\/p>\n\n\n\n<p class=\"has-text-align-left\"><strong>Et au final, on en pense quoi&nbsp;?<\/strong> Film peu accessible au d\u00e9tour contournable.<\/p>\n\n\n\n<p>&gt; Actuellement sur Netflix<\/p>\n","protected":false},"excerpt":{"rendered":"<p>\u00ab&nbsp;J\u2019envisage de mettre un terme \u00e0 tout \u00e7a. \u00c0 quoi bon s\u2019accrocher \u00e0 tout prix ? Je sais o\u00f9 on est et o\u00f9 on va. &hellip;<\/p>\n","protected":false},"author":1,"featured_media":1603,"comment_status":"closed","ping_status":"","sticky":false,"template":"","format":"standard","meta":{"footnotes":""},"categories":[17],"tags":[],"class_list":["post-1600","post","type-post","status-publish","format-standard","has-post-thumbnail","hentry","category-drame"],"_links":{"self":[{"href":"https:\/\/leseptiemeart.com\/index.php\/wp-json\/wp\/v2\/posts\/1600","targetHints":{"allow":["GET"]}}],"collection":[{"href":"https:\/\/leseptiemeart.com\/index.php\/wp-json\/wp\/v2\/posts"}],"about":[{"href":"https:\/\/leseptiemeart.com\/index.php\/wp-json\/wp\/v2\/types\/post"}],"author":[{"embeddable":true,"href":"https:\/\/leseptiemeart.com\/index.php\/wp-json\/wp\/v2\/users\/1"}],"replies":[{"embeddable":true,"href":"https:\/\/leseptiemeart.com\/index.php\/wp-json\/wp\/v2\/comments?post=1600"}],"version-history":[{"count":16,"href":"https:\/\/leseptiemeart.com\/index.php\/wp-json\/wp\/v2\/posts\/1600\/revisions"}],"predecessor-version":[{"id":1630,"href":"https:\/\/leseptiemeart.com\/index.php\/wp-json\/wp\/v2\/posts\/1600\/revisions\/1630"}],"wp:featuredmedia":[{"embeddable":true,"href":"https:\/\/leseptiemeart.com\/index.php\/wp-json\/wp\/v2\/media\/1603"}],"wp:attachment":[{"href":"https:\/\/leseptiemeart.com\/index.php\/wp-json\/wp\/v2\/media?parent=1600"}],"wp:term":[{"taxonomy":"category","embeddable":true,"href":"https:\/\/leseptiemeart.com\/index.php\/wp-json\/wp\/v2\/categories?post=1600"},{"taxonomy":"post_tag","embeddable":true,"href":"https:\/\/leseptiemeart.com\/index.php\/wp-json\/wp\/v2\/tags?post=1600"}],"curies":[{"name":"wp","href":"https:\/\/api.w.org\/{rel}","templated":true}]}}