{"id":1981,"date":"2022-11-20T13:32:34","date_gmt":"2022-11-20T12:32:34","guid":{"rendered":"https:\/\/leseptiemeart.com\/?p=1981"},"modified":"2022-11-20T13:40:32","modified_gmt":"2022-11-20T12:40:32","slug":"simone","status":"publish","type":"post","link":"https:\/\/leseptiemeart.com\/index.php\/2022\/11\/20\/simone\/","title":{"rendered":"Simone, le voyage du si\u00e8cle"},"content":{"rendered":"\n<blockquote class=\"wp-block-quote has-text-align-center is-layout-flow wp-block-quote-is-layout-flow\"><p><em>\u00ab\u00a0Mon p\u00e8re pensait que la R\u00e9publique\u00a0ne nous abandonnerait jamais.\u00a0\u00bb<\/em><\/p><p><\/p><\/blockquote>\n\n\n\n<p class=\"has-text-align-center\"><strong>En trois mots\u00a0? List\u00e9, d\u00e9ball\u00e9, romanc\u00e9.<\/strong> <em>So, let\u2019s have a look\u00a0!<\/em><\/p>\n\n\n\n<p>Sorti en 2022, le biopic d\u2019Olivier Dahan, se pr\u00eate &#8211; d\u2019un point de vue moral &#8211; difficilement \u00e0 la critique&nbsp;; et pourtant.<\/p>\n\n\n\n<p><strong>Alors, c\u2019est quoi le pitch&nbsp;?<\/strong> La vie de Simone Veil [Elsa Zylberstein], femme au destin hors du commun, est d\u00e9peinte \u00e0 travers les r\u00f4les et les drames de sa vie.<\/p>\n\n\n\n<p>Si ce long m\u00e9trage entend revenir sur les moments les plus marquants de la vie de Simone Veil, force est de constater qu\u2019il se contente d\u2019enchainer les nouvelles tragiques &#8211; tant\u00f4t personnelles tant\u00f4t professionnelles &#8211; et ce, sans r\u00e9pit. Dans un d\u00e9sordre chronologique choisi, on assiste seulement \u00e0 une succession de faits dramatiques, strictement list\u00e9s. Simone, le voyage du si\u00e8cle se pr\u00e9sente ainsi comme un film particuli\u00e8rement romanc\u00e9 \u00e0 la capacit\u00e9 tire-larmes largement essor\u00e9e. Ce long m\u00e9trage s\u2019av\u00e8re malheureusement insuffisant \u00e0 rassasier un spectateur en qu\u00eate de mieux connaitre les tenants et aboutissants des combats d\u2019une vie. Si on connaissait la dimension tragique de l\u2019histoire de vie de Simone Veil, beaucoup d\u2019entre nous \u00e9taient d\u00e9sireux d\u2019apprendre autre et plus. Des batailles politiques, on n\u2019assistera qu\u2019\u00e0 l\u2019annonce et \u00e0 l\u2019issue, vidant totalement les combats de leur essence. On passe ainsi de l\u2019\u00e9chec \u00e0 la r\u00e9ussite et de la r\u00e9ussite \u00e0 l\u2019\u00e9chec, sans vivre l\u2019entre-deux. La frustration est \u00e0 cet \u00e9gard, immense\u00a0! A mon sens, la performance d\u2019Elsa Zylberstein et la popularit\u00e9 de Simone Veil justifient pour beaucoup &#8211; voire \u00e0 elles seules &#8211; l\u2019encensement et le succ\u00e8s public du film\u00a0:<\/p>\n\n\n\n<p>\u00ab&nbsp;Ol\u00e0l\u00e0, que c\u2019\u00e9tait triiiiiiiste. Et pour toi&nbsp;?<\/p>\n\n\n\n<p>&#8211;&nbsp;Ah oui-oui, la pauuuuvre,&nbsp;quand on y pense. Et pour toi&nbsp;?<\/p>\n\n\n\n<p>&#8211; Boudu-boudu, j\u2019ai tant pleur\u00e9\u00e9\u00e9\u00e9\u00e9\u00e9&nbsp;!&nbsp;\u00bb<\/p>\n\n\n\n<p>&gt; Mmmm-merci pour cet \u00e9change, ce fut\u2026 constructif.<\/p>\n\n\n\n<p><strong>Et au final, on en pense quoi\u00a0?<\/strong> A y regarder de plus pr\u00e8s, l\u2019exercice \u00e9tait pr\u00e9tentieux\u00a0: un seul film n\u2019\u00e9tait d\u00e9finitivement pas suffisant pour ambitionner r\u00e9sumer la vie de Simone Veil.<\/p>\n\n\n\n<p>> Actuellement en salle<\/p>\n","protected":false},"excerpt":{"rendered":"<p>\u00ab\u00a0Mon p\u00e8re pensait que la R\u00e9publique\u00a0ne nous abandonnerait jamais.\u00a0\u00bb En trois mots\u00a0? List\u00e9, d\u00e9ball\u00e9, romanc\u00e9. So, let\u2019s have a look\u00a0! Sorti en 2022, le biopic &hellip;<\/p>\n","protected":false},"author":1,"featured_media":1982,"comment_status":"closed","ping_status":"","sticky":false,"template":"","format":"standard","meta":{"footnotes":""},"categories":[19],"tags":[],"class_list":["post-1981","post","type-post","status-publish","format-standard","has-post-thumbnail","hentry","category-biopic"],"_links":{"self":[{"href":"https:\/\/leseptiemeart.com\/index.php\/wp-json\/wp\/v2\/posts\/1981","targetHints":{"allow":["GET"]}}],"collection":[{"href":"https:\/\/leseptiemeart.com\/index.php\/wp-json\/wp\/v2\/posts"}],"about":[{"href":"https:\/\/leseptiemeart.com\/index.php\/wp-json\/wp\/v2\/types\/post"}],"author":[{"embeddable":true,"href":"https:\/\/leseptiemeart.com\/index.php\/wp-json\/wp\/v2\/users\/1"}],"replies":[{"embeddable":true,"href":"https:\/\/leseptiemeart.com\/index.php\/wp-json\/wp\/v2\/comments?post=1981"}],"version-history":[{"count":6,"href":"https:\/\/leseptiemeart.com\/index.php\/wp-json\/wp\/v2\/posts\/1981\/revisions"}],"predecessor-version":[{"id":1988,"href":"https:\/\/leseptiemeart.com\/index.php\/wp-json\/wp\/v2\/posts\/1981\/revisions\/1988"}],"wp:featuredmedia":[{"embeddable":true,"href":"https:\/\/leseptiemeart.com\/index.php\/wp-json\/wp\/v2\/media\/1982"}],"wp:attachment":[{"href":"https:\/\/leseptiemeart.com\/index.php\/wp-json\/wp\/v2\/media?parent=1981"}],"wp:term":[{"taxonomy":"category","embeddable":true,"href":"https:\/\/leseptiemeart.com\/index.php\/wp-json\/wp\/v2\/categories?post=1981"},{"taxonomy":"post_tag","embeddable":true,"href":"https:\/\/leseptiemeart.com\/index.php\/wp-json\/wp\/v2\/tags?post=1981"}],"curies":[{"name":"wp","href":"https:\/\/api.w.org\/{rel}","templated":true}]}}