{"id":2101,"date":"2023-01-07T23:03:40","date_gmt":"2023-01-07T22:03:40","guid":{"rendered":"https:\/\/leseptiemeart.com\/?p=2101"},"modified":"2023-01-15T09:17:04","modified_gmt":"2023-01-15T08:17:04","slug":"le-discours","status":"publish","type":"post","link":"https:\/\/leseptiemeart.com\/index.php\/2023\/01\/07\/le-discours\/","title":{"rendered":"Le Discours"},"content":{"rendered":"\n<blockquote class=\"wp-block-quote is-layout-flow wp-block-quote-is-layout-flow\">\n<p class=\"has-text-align-center\">\u00ab&nbsp;J\u2019ai besoin d\u2019une pause.<\/p>\n\n\n\n<p class=\"has-text-align-center\">-T\u2019es fatigu\u00e9e&nbsp;? Tu veux te reposer&nbsp;?<\/p>\n\n\n\n<p class=\"has-text-align-center\">-Non Adrien, j\u2019ai besoin de faire une pause, une pause de toi, une pause de nous.&nbsp;\u00bb<\/p>\n<\/blockquote>\n\n\n\n<p class=\"has-text-align-center\"><strong>En trois mots&nbsp;? Contemporain, rythm\u00e9, s\u00e9millant.<\/strong><em> So, let\u2019s have a look&nbsp;!<\/em><\/p>\n\n\n\n<p class=\"has-text-align-center\">Sorti en 2021, Le Discours est l\u2019adaptation du roman \u00e9ponyme de Fabrice Caro (2018) par Laurent Tirard, qui vous promet une autopsie minutieuse des relations humaines durant 1h24.<\/p>\n\n\n\n<p><strong>Alors, c\u2019est quoi le pitch&nbsp;?<\/strong> Sonia souhaite faire une pause d\u2019Adrien. Pas une pause qui soit synonyme d&rsquo;une s\u00e9paration mais une pause o\u00f9 <em>tu appuies \u00e7a s&rsquo;arr\u00eate et tu r\u00e9appuies \u00e7a repart<\/em> ; sauf \u00e0 appuyer sur le bouton stop. Trente-huit jours plus tard et toujours sans nouvelle de Sonia, on retrouve Adrien pris en \u00e9tau dans un repas de famille qui tutoie pour lui le supplice, aux c\u00f4t\u00e9s de ses parents, sa s\u0153ur et son beau-fr\u00e8re. Plus t\u00f4t dans la soir\u00e9e, \u00e0 17h24 pr\u00e9cis\u00e9ment, Adrien a envoy\u00e9 un texto tr\u00e8s r\u00e9fl\u00e9chi \u00e0 Sonia. Alors qu\u2019il serait presque en PLS \u00e0 attendre une r\u00e9ponse, son beau-fr\u00e8re vient lui porter le coup de gr\u00e2ce en lui demandant &#8211; \u00e0 lui, le phobique social &#8211; de prononcer un discours lors de son mariage prochain avec sa s\u0153ur.<\/p>\n\n\n\n<p>Quand Canal+ m\u2019a fait savoir que ce long m\u00e9trage ne serait plus disponible lundi 09\/01 \u00e0 23h59, je me suis dit que c\u2019\u00e9tait le moment ou jamais. J\u2019avais h\u00e9sit\u00e9 \u00e0 me laisser tenter lors de sa sortie au cin\u00e9ma mais la BA m\u2019avait parue tr\u00e8s Fran\u00e7ois-le-fran\u00e7ais c\u2019est \u00e0 dire pompeuse c\u2019est \u00e0 dire chiantesque. Toujours motiv\u00e9e par l\u2019envie de mourir moins sotte que la veille si la faucheuse choisissait de me conduire en avance jusqu&rsquo;au boulevard des allong\u00e9s, je me suis courageusement lanc\u00e9e. Et grand bien m\u2019en a pris\u00a0! Depuis, l\u2019empressement \u00e0 partager mon enthousiasme me chatouille telle une cystite.<\/p>\n\n\n\n<p>Pouss\u00e9 \u00e0 la pause par Sonia, Adrien a enchain\u00e9 3 phases &#8211; abattement, col\u00e8re, espoir&nbsp;; qui se sont transform\u00e9es en 5 phases, lorsque le d\u00e9sespoir et la complaisance du d\u00e9sespoir se sont invit\u00e9s \u00e0 la f\u00eate. Terrass\u00e9 par ce chagrin d\u2019amour auquel il ne s\u2019attendait pas (au sens propre, pas le groupe des 80\u2019S), Adrien doit donner le change lors de cet assommant repas de famille qu\u2019il aurait sans aucun doute volontiers troqu\u00e9 contre un r\u00e9curage des WC de la SNCF en pleine p\u00e9riode de vacances scolaires. Pourquoi, demanderez-vous&nbsp;? Parce que, de l\u2019aveu m\u00eame d\u2019Adrien, les repas de sa famille sont le royaume du non-dit et du consensus respectueux, en bref, du non-rapport. Et ce que dit Adrien r\u00e9sonnera \u00e9trangement chez nombre de spectateurs, comme un couplet d\u00e9j\u00e0 v\u00e9cu car ce film est un condens\u00e9 de tout ce que l\u2019on pense en famille et qu\u2019on ne dit pas, tout ce qui nous d\u00e9mange mais qu\u2019on tait poliment, tout ce qu\u2019on voudrait d\u00e9biter mais qu\u2019un verre de spiritueux nous fait ravaler.<\/p>\n\n\n\n<p>Ce soir-l\u00e0, Adrien est tiraill\u00e9 par deux interrogations&nbsp;qui semblent insolubles : comment survivre&nbsp;\u00e0 l\u2019attente d\u2019une r\u00e9ponse de Sonia \u00e0 ce satan\u00e9 SMS et se d\u00e9fausser de ce fichu discours&nbsp;de mariage ? &nbsp;Tr\u00e8s simplement, en brisant le quatri\u00e8me mur et en nous faisant partager \u00e0 nous, spectateurs, ses pens\u00e9es et ses id\u00e9es les plus saugrenues, \u00e0 l\u2019exact moment o\u00f9 elles naissent, un peu \u00e0 la mani\u00e8re de l\u2019excellent<em>&nbsp;Le nom des gens<\/em>&nbsp;[Jacques Gamblin, Sara Forestier]. Et les spectateurs se prendront tr\u00e8s volontiers au jeu des allers-retours, suivant Adrien l\u00e0 o\u00f9 il veut les mener, remontant le temps jusqu\u2019\u00e0 son enfance puis son adolescence, pour introspecter les relations avec sa m\u00e8re, son p\u00e8re et sa s\u0153ur, revivant sa rencontre avec Sonia mais aussi ces petits riens qui ont cr\u00e9\u00e9 le climat menant \u00e0 la pause ; tout en imaginant le discours qu\u2019il pourrait pondre le jour J et en tentant &#8211; en parall\u00e8le &#8211; de survivre au d\u00eener en cours. Ouf&nbsp;!<\/p>\n\n\n\n<p>Pour savoir si Adrien sortira vivant de cette triple \u00e9preuve, il va aussi falloir vous lancer&#8230;.<\/p>\n\n\n\n<p><strong>Et au final, on en pense quoi&nbsp;?<\/strong> Le discours est un film aux rapports humains fascinants, dont on savoure chaque minute et dont on est d\u00e9\u00e7u par avance \u00e0 l\u2019id\u00e9e qu\u2019il prenne fin. Un excellent moment en perspective donc, ponctu\u00e9 par une insoup\u00e7onnable note d\u2019optimisme, qui vous donnera envie de reprendre \u00e0 pleins poumons le titre entrainant <em>Sar\u00e0 perch\u00e9 ti amo <\/em>de Ricchi e Poveri&nbsp;et &#8211; pourquoi pas &#8211; qui fera naitre une folle envie de (re)vivre l\u2019Amour.<\/p>\n\n\n\n<p>&gt; Actuellement et jusqu\u2019au 09\/01 en replay sur Canal +<\/p>\n","protected":false},"excerpt":{"rendered":"<p>\u00ab&nbsp;J\u2019ai besoin d\u2019une pause. -T\u2019es fatigu\u00e9e&nbsp;? Tu veux te reposer&nbsp;? -Non Adrien, j\u2019ai besoin de faire une pause, une pause de toi, une pause de &hellip;<\/p>\n","protected":false},"author":1,"featured_media":2102,"comment_status":"closed","ping_status":"","sticky":false,"template":"","format":"standard","meta":{"footnotes":""},"categories":[16],"tags":[],"class_list":["post-2101","post","type-post","status-publish","format-standard","has-post-thumbnail","hentry","category-comedie"],"_links":{"self":[{"href":"https:\/\/leseptiemeart.com\/index.php\/wp-json\/wp\/v2\/posts\/2101","targetHints":{"allow":["GET"]}}],"collection":[{"href":"https:\/\/leseptiemeart.com\/index.php\/wp-json\/wp\/v2\/posts"}],"about":[{"href":"https:\/\/leseptiemeart.com\/index.php\/wp-json\/wp\/v2\/types\/post"}],"author":[{"embeddable":true,"href":"https:\/\/leseptiemeart.com\/index.php\/wp-json\/wp\/v2\/users\/1"}],"replies":[{"embeddable":true,"href":"https:\/\/leseptiemeart.com\/index.php\/wp-json\/wp\/v2\/comments?post=2101"}],"version-history":[{"count":34,"href":"https:\/\/leseptiemeart.com\/index.php\/wp-json\/wp\/v2\/posts\/2101\/revisions"}],"predecessor-version":[{"id":2140,"href":"https:\/\/leseptiemeart.com\/index.php\/wp-json\/wp\/v2\/posts\/2101\/revisions\/2140"}],"wp:featuredmedia":[{"embeddable":true,"href":"https:\/\/leseptiemeart.com\/index.php\/wp-json\/wp\/v2\/media\/2102"}],"wp:attachment":[{"href":"https:\/\/leseptiemeart.com\/index.php\/wp-json\/wp\/v2\/media?parent=2101"}],"wp:term":[{"taxonomy":"category","embeddable":true,"href":"https:\/\/leseptiemeart.com\/index.php\/wp-json\/wp\/v2\/categories?post=2101"},{"taxonomy":"post_tag","embeddable":true,"href":"https:\/\/leseptiemeart.com\/index.php\/wp-json\/wp\/v2\/tags?post=2101"}],"curies":[{"name":"wp","href":"https:\/\/api.w.org\/{rel}","templated":true}]}}