{"id":2275,"date":"2023-09-08T20:57:39","date_gmt":"2023-09-08T18:57:39","guid":{"rendered":"https:\/\/leseptiemeart.com\/?p=2275"},"modified":"2023-09-18T18:50:32","modified_gmt":"2023-09-18T16:50:32","slug":"the-son","status":"publish","type":"post","link":"https:\/\/leseptiemeart.com\/index.php\/2023\/09\/08\/the-son\/","title":{"rendered":"The Son"},"content":{"rendered":"\n<blockquote class=\"wp-block-quote is-layout-flow wp-block-quote-is-layout-flow\">\n<p class=\"has-text-align-center\">\u00ab&nbsp;Alors, c\u2019est \u00e7a mon crime&nbsp;?! MAIS J\u2019AI LE DROIT DE REFAIRE MA VIE&nbsp;!!!!!&nbsp;\u00bb<\/p>\n<\/blockquote>\n\n\n\n<p class=\"has-text-align-center\"><strong>En trois mots&nbsp;? Conventionnel, attendu, planplan.<\/strong> <em>So, let\u2019s have a look&nbsp;!<\/em><\/p>\n\n\n\n<p class=\"has-text-align-center\">Sorti en 2023, le dernier film de Florian Zeller fait &#8211; h\u00e9las &#8211; assez <s>t\u00e2che<\/s> fade \u00e0 c\u00f4t\u00e9 de <em>The Father<\/em> (2020).<\/p>\n\n\n\n<p><strong>Alors, c\u2019est quoi le pitch&nbsp;?<\/strong> Quinquag\u00e9naires, Peter [Hugh Jackman] et Kate [Laura Dern] ont r\u00e9cemment divorc\u00e9. De leur union est n\u00e9 Nicolas, aujourd\u2019hui \u00e2g\u00e9 de 17 ans. Depuis deux ans, Peter a refait sa vie avec la jeune Beth [Vanessa Kirby] et le couple vient d\u2019accueillir un b\u00e9b\u00e9. De son c\u00f4t\u00e9, Nicolas d\u00e9cline. En proie \u00e0 un mal-\u00eatre inexpliqu\u00e9, le jeune homme rejette sa m\u00e8re et supplie son p\u00e8re de l\u2019accueillir chez lui. <em>Pourquoi&nbsp;?<\/em><\/p>\n\n\n\n<p>Malgr\u00e9 un r\u00e9alisateur de talent, le film se pr\u00e9sente comme un huis-clos contemplatif, ce qui est aussi incompatible qu\u2019une <em>douce clart\u00e9<\/em>.<\/p>\n\n\n\n<p>Malgr\u00e9 un d\u00e9marrage coup de poing, le long m\u00e9trage souffre par la suite d\u2019un traitement conventionnel, soit pr\u00e9visible&nbsp;dans son d\u00e9veloppement ; et fatalement, on tourne vite en rond.<\/p>\n\n\n\n<p>Malgr\u00e9 le passage de Hugh Jackman \u00e0 la trag\u00e9die, le jeu de l\u2019acteur se r\u00e9v\u00e8le assez commun. Puis, qu\u2019on se le dise&nbsp;: <em>quand tu laisses le souvenir de Wolverine, tu ne peux que te upgrader par la suite, mais il en faudrait bien davantage pour en venir \u00e0 saluer la performance.<\/em><\/p>\n\n\n\n<p>Malgr\u00e9 Hans Zimmer \u00e0 la musique, l\u2019\u00e9motion ne naitra pas. C\u2019est m\u00eame plut\u00f4t l\u2019incr\u00e9dulit\u00e9 qui s\u2019imposera face \u00e0 une situation o\u00f9 des adultes issus de <em>l\u2019upper class<\/em> sont infichus de voir ce qui se joue sous leur nez [eh oui, en 2023, les relations humaines, \u00e7a se travaille&nbsp;!]. A cet \u00e9gard, le film fait se demander s\u2019il n\u2019aurait pas plut\u00f4t d\u00fb \u00eatre tourn\u00e9 il y a une ou deux d\u00e9cennies [?]<\/p>\n\n\n\n<p>Sachez finalement que ce long m\u00e9trage est d\u00e9di\u00e9 au beau-fils du r\u00e9alisateur, d\u2019o\u00f9 le <em>\u00ab&nbsp;A Gabriel&nbsp;\u00bb<\/em>&nbsp;; Gabriel qui fut personnellement concern\u00e9 par le sujet lorsqu\u2019il \u00e9tait lui-m\u00eame ado, soit il y a\u2026.. une d\u00e9cennie&nbsp;! <em>[\u00ab&nbsp;beh tiens, y\u2019en a qu\u2019ont du nez&nbsp;! \u00bb,<\/em> pensa-t-elle toute enorgueillie par sa trouvaille sur Gala.fr]. Escomptons que le gamin a au moins appr\u00e9ci\u00e9 l\u2019hommage\u2026<\/p>\n\n\n\n<p><strong>Et au final, on en pense quoi\u00a0?<\/strong> <em>Apr\u00e8s The Father, The son<\/em> n\u2019est clairement pas \u00e0 la hauteur de son pr\u00e9d\u00e9cesseur multir\u00e9compens\u00e9. Attendons de voir ce que donnera le reste de la famille port\u00e9e \u00e0 l\u2019\u00e9cran [Dieu que je suis dr\u00f4le].<\/p>\n\n\n\n<p>&gt; Actuellement sur Canal +<\/p>\n\n\n\n<p>&gt; Envie d\u2019un &#8211; vrai &#8211; film de d\u00e9pressif&nbsp;? <em>Virgin suicides (1999), American beauty (1999), Requiem for a dream (2000), Eternal sunshine of the spotless mind (2004)<\/em>. Entre autres.<\/p>\n","protected":false},"excerpt":{"rendered":"<p>\u00ab&nbsp;Alors, c\u2019est \u00e7a mon crime&nbsp;?! MAIS J\u2019AI LE DROIT DE REFAIRE MA VIE&nbsp;!!!!!&nbsp;\u00bb En trois mots&nbsp;? Conventionnel, attendu, planplan. So, let\u2019s have a look&nbsp;! Sorti &hellip;<\/p>\n","protected":false},"author":1,"featured_media":2276,"comment_status":"closed","ping_status":"","sticky":false,"template":"","format":"standard","meta":{"footnotes":""},"categories":[17],"tags":[],"class_list":["post-2275","post","type-post","status-publish","format-standard","has-post-thumbnail","hentry","category-drame"],"_links":{"self":[{"href":"https:\/\/leseptiemeart.com\/index.php\/wp-json\/wp\/v2\/posts\/2275","targetHints":{"allow":["GET"]}}],"collection":[{"href":"https:\/\/leseptiemeart.com\/index.php\/wp-json\/wp\/v2\/posts"}],"about":[{"href":"https:\/\/leseptiemeart.com\/index.php\/wp-json\/wp\/v2\/types\/post"}],"author":[{"embeddable":true,"href":"https:\/\/leseptiemeart.com\/index.php\/wp-json\/wp\/v2\/users\/1"}],"replies":[{"embeddable":true,"href":"https:\/\/leseptiemeart.com\/index.php\/wp-json\/wp\/v2\/comments?post=2275"}],"version-history":[{"count":8,"href":"https:\/\/leseptiemeart.com\/index.php\/wp-json\/wp\/v2\/posts\/2275\/revisions"}],"predecessor-version":[{"id":2288,"href":"https:\/\/leseptiemeart.com\/index.php\/wp-json\/wp\/v2\/posts\/2275\/revisions\/2288"}],"wp:featuredmedia":[{"embeddable":true,"href":"https:\/\/leseptiemeart.com\/index.php\/wp-json\/wp\/v2\/media\/2276"}],"wp:attachment":[{"href":"https:\/\/leseptiemeart.com\/index.php\/wp-json\/wp\/v2\/media?parent=2275"}],"wp:term":[{"taxonomy":"category","embeddable":true,"href":"https:\/\/leseptiemeart.com\/index.php\/wp-json\/wp\/v2\/categories?post=2275"},{"taxonomy":"post_tag","embeddable":true,"href":"https:\/\/leseptiemeart.com\/index.php\/wp-json\/wp\/v2\/tags?post=2275"}],"curies":[{"name":"wp","href":"https:\/\/api.w.org\/{rel}","templated":true}]}}