{"id":2286,"date":"2023-09-18T18:53:03","date_gmt":"2023-09-18T16:53:03","guid":{"rendered":"https:\/\/leseptiemeart.com\/?p=2286"},"modified":"2023-09-19T18:19:18","modified_gmt":"2023-09-19T16:19:18","slug":"je-voudrais-que-quelquun-mattende-quelque-part","status":"publish","type":"post","link":"https:\/\/leseptiemeart.com\/index.php\/2023\/09\/18\/je-voudrais-que-quelquun-mattende-quelque-part\/","title":{"rendered":"Je voudrais que quelqu\u2019un m\u2019attende quelque part"},"content":{"rendered":"\n<p><\/p>\n\n\n\n<blockquote class=\"wp-block-quote is-layout-flow wp-block-quote-is-layout-flow\">\n<p class=\"has-text-align-center\"><em>\u00ab&nbsp;Que sait-on de la vie int\u00e9rieure de quelqu\u2019un&nbsp;? \u00bb<\/em><\/p>\n<\/blockquote>\n\n\n\n<p class=\"has-text-align-center\"><strong>En trois mots\u00a0?<\/strong> <strong>Foudroyant, d\u00e9vastateur, renaissant<\/strong>. <em>So, lets\u2019 have a look\u00a0!<\/em><\/p>\n\n\n\n<p>Sorti en 2020, le film est une adaptation tr\u00e8s libre du recueil de nouvelles d\u2019Anna Gavalda, qui a su conserver la capacit\u00e9 de l\u2019auteur \u00e0 croquer ses contemporains avec une justesse remarquable.<\/p>\n\n\n\n<p><strong>Alors, c\u2019est quoi le pitch&nbsp;?<\/strong> Aurore f\u00eate ses 70 printemps entour\u00e9e de ses quatre enfants&nbsp;: Jean-Pierre [Jean -Paul Rouve] l\u2019ain\u00e9, qui endosse le r\u00f4le du chef de famille depuis le d\u00e9c\u00e8s du p\u00e8re&nbsp;; Juliette [Alice Taglioni], professeur de fran\u00e7ais aux r\u00eaves d\u2019\u00e9crivain, enceinte de son premier enfant \u00e0 40 ans&nbsp;; Mathieu [Benjamin Lavernhe], trentenaire timide et \u00e0 la vie sentimentale r\u00e9serv\u00e9e et Margaux [Camille Rowe], la jeune artiste photographe de la famille. La vie suit son cours jusqu\u2019au jour o\u00f9 l\u2019un d\u2019eux prend une d\u00e9cision qui bouleversera l\u2019existence de chacun.<\/p>\n\n\n\n<p>Affal\u00e9e dans mon canap\u00e9, dans une position propice \u00e0 l\u2019\u00e9tat hypnagogique, je laissais doucement mon visage couler le long de mon bras, maugr\u00e9ant <em>\u00ab&nbsp;j\u2019avais souvenir qu\u2019Anna Gavalda me transportait davantage au lyc\u00e9e&nbsp;\u00bb,<\/em> quand je fus foudroy\u00e9e. Il aura suffi d\u2019une seule sc\u00e8ne pour me sortir totalement de ma torpeur. Souffle court, yeux embu\u00e9s, capacit\u00e9 \u00e0 r\u00e9fl\u00e9chir abr\u00e9g\u00e9e. Tout est l\u00e0.<\/p>\n\n\n\n<p>Mais rebroussons quelque peu chemin. Ce film repose d\u2019abord sur un casting \u00e0 la compatibilit\u00e9 assez exceptionnelle. De cette fratrie aux profils \u00e9clectiques, se d\u00e9gage une v\u00e9ritablement harmonie familiale, de sorte que l\u2019on adh\u00e8re facilement au casting retenu par le r\u00e9alisateur. L\u2019identification aux personnages est ais\u00e9e et le parall\u00e8le avec la justesse de l\u2019analyse d\u2019Anna Gavalda \u00e9vident. Vous et moi pourrions sans mal faire partie de cette famille [Preums pour jouer la jolie Juliette]. Notons tout de m\u00eame que la prestation de Jean-Paul Rouve reste la plus saisissante.<\/p>\n\n\n\n<p>Le r\u00e9alisateur parvient \u00e0 imbriquer sans overdose, les moments familiaux et les apart\u00e9s fr\u00e8re-s\u0153ur. Certains reprocheront au film le c\u00f4t\u00e9 robinet \u00e0 \u00e9motions de Gavalda mais \u00e0 mon sens, le long m\u00e9trage parvient ais\u00e9ment \u00e0 se d\u00e9tacher de son support pour tracer son propre chemin. <\/p>\n\n\n\n<p><strong>Et au final, on en pense quoi&nbsp;? <\/strong>Ni trop m\u00e9lo, ni trop caricaturale, ni trop bourgeoise, l\u2019adaptation est habile et offre un moment proche de l\u2019exp\u00e9rience de vie.<\/p>\n\n\n\n<p>&gt; Actuellement en replay sur France TV<\/p>\n","protected":false},"excerpt":{"rendered":"<p>\u00ab&nbsp;Que sait-on de la vie int\u00e9rieure de quelqu\u2019un&nbsp;? \u00bb En trois mots\u00a0? Foudroyant, d\u00e9vastateur, renaissant. So, lets\u2019 have a look\u00a0! Sorti en 2020, le film &hellip;<\/p>\n","protected":false},"author":1,"featured_media":2287,"comment_status":"closed","ping_status":"","sticky":false,"template":"","format":"standard","meta":{"footnotes":""},"categories":[17],"tags":[],"class_list":["post-2286","post","type-post","status-publish","format-standard","has-post-thumbnail","hentry","category-drame"],"_links":{"self":[{"href":"https:\/\/leseptiemeart.com\/index.php\/wp-json\/wp\/v2\/posts\/2286","targetHints":{"allow":["GET"]}}],"collection":[{"href":"https:\/\/leseptiemeart.com\/index.php\/wp-json\/wp\/v2\/posts"}],"about":[{"href":"https:\/\/leseptiemeart.com\/index.php\/wp-json\/wp\/v2\/types\/post"}],"author":[{"embeddable":true,"href":"https:\/\/leseptiemeart.com\/index.php\/wp-json\/wp\/v2\/users\/1"}],"replies":[{"embeddable":true,"href":"https:\/\/leseptiemeart.com\/index.php\/wp-json\/wp\/v2\/comments?post=2286"}],"version-history":[{"count":5,"href":"https:\/\/leseptiemeart.com\/index.php\/wp-json\/wp\/v2\/posts\/2286\/revisions"}],"predecessor-version":[{"id":2293,"href":"https:\/\/leseptiemeart.com\/index.php\/wp-json\/wp\/v2\/posts\/2286\/revisions\/2293"}],"wp:featuredmedia":[{"embeddable":true,"href":"https:\/\/leseptiemeart.com\/index.php\/wp-json\/wp\/v2\/media\/2287"}],"wp:attachment":[{"href":"https:\/\/leseptiemeart.com\/index.php\/wp-json\/wp\/v2\/media?parent=2286"}],"wp:term":[{"taxonomy":"category","embeddable":true,"href":"https:\/\/leseptiemeart.com\/index.php\/wp-json\/wp\/v2\/categories?post=2286"},{"taxonomy":"post_tag","embeddable":true,"href":"https:\/\/leseptiemeart.com\/index.php\/wp-json\/wp\/v2\/tags?post=2286"}],"curies":[{"name":"wp","href":"https:\/\/api.w.org\/{rel}","templated":true}]}}