{"id":31,"date":"2022-01-10T21:09:26","date_gmt":"2022-01-10T20:09:26","guid":{"rendered":"http:\/\/leseptiemeart.com\/?p=31"},"modified":"2022-07-03T08:53:49","modified_gmt":"2022-07-03T06:53:49","slug":"house-of-gucci","status":"publish","type":"post","link":"https:\/\/leseptiemeart.com\/index.php\/2022\/01\/10\/house-of-gucci\/","title":{"rendered":"House of Gucci"},"content":{"rendered":"\n<blockquote class=\"wp-block-quote has-text-align-center is-layout-flow wp-block-quote-is-layout-flow\"><p><em>\u00ab Tu as atteint un sommet de m\u00e9diocrit\u00e9 ! \u00bb<\/em><\/p><\/blockquote>\n\n\n\n<p class=\"has-text-align-center\">Quoi de mieux qu\u2019emprunter une r\u00e9plique d\u2019Al Pacino, alias Aldo Gucci, \u00e0 l\u2019attention de son rat\u00e9 de fils Paolo, pour r\u00e9sumer mon sentiment suite au visionnage de ce film?&nbsp;<\/p>\n\n\n\n<p class=\"has-text-align-center\"><strong>En trois mots ? Fade, path\u00e9tique, grotesque. <\/strong> <em>So, let\u2019s have a look !  <\/em><\/p>\n\n\n\n<p>Le d\u00e9marrage de House of Gucci laissait pourtant r\u00eaveur. Adam Driver virevolte, l\u00e9ger et enthousiaste, sur sa bicyclette &#8211; il s\u2019arr\u00eate &#8211; pose le pied \u00e0 terre &#8211; retire ses pinces-pantalon &#8211; on l\u2019interpelle &#8211; il se redresse &#8211; le ralenti observ\u00e9 annonce la suite &#8211; on devine l\u2019issue fatale. Boum badaboum ! Amorce r\u00e9ussie. Retour en arri\u00e8re. Le film peut d\u00e9marrer\u2026 maiiiiiis vlan, v\u2019la l\u2019mur.&nbsp;<br><\/p>\n\n\n\n<p><strong>Alors, c&rsquo;est quoi le pitch ?<\/strong> Le film revient sur l&rsquo;assassinat de Maurizio Gucci, petit-fils et h\u00e9ritier de Guccio Gucci, le 27 mars 1995. Sa future ex-femme, Patrizia Reggiani, a commandit\u00e9 son meurtre afin de toucher la part d&rsquo;h\u00e9ritage qu&rsquo;elle estimait devoir lui revenir, avant que Maurizio se remarie avec Paola Franchi.<\/p>\n\n\n\n<p>Du coup, o\u00f9 est-ce que \u00e7a patine ? Car tout semblait bel et bien r\u00e9uni : de l\u2019histoire vraie au casting, du r\u00e9alisateur \u00e9m\u00e9rite \u00e0 l\u2019\u00e9quipe chevronn\u00e9e ; un drame torch\u00e9 au papier de soie, en somme. Cependant, l\u2019ensemble est in\u00e9gal et les griefs se succ\u00e8dent. C\u00f4t\u00e9 r\u00e9alisation, la gestion du rythme est catastrophique et fait ressentir chaque minute des 2h37. Vous suerez autant qu\u2019un goret sur le tournebroche.\u00a0Le film donne ainsi le sentiment de se d\u00e9rouler en deux parties, \u00e0 travers une dichotomie assez franche \u00a0: une premi\u00e8re partie plate et navrante, faussement candide, faussement na\u00efve durant la premi\u00e8re heure quarante. Les sc\u00e8nes donnent le d\u00e9sagr\u00e9able sentiment d\u2019\u00eatre accol\u00e9es les unes aux autres sans connexion, juste une succession de plans sur-usant d\u2019ellipses. Aucun sentiment ne na\u00eetra pour aucun des personnages, ni positif, ni n\u00e9gatif. L\u2019enc\u00e9phalogramme demeurera d\u00e9sesp\u00e9r\u00e9ment plat. La pseudo \u00e9tincelle se produira \u00e0 plus de la moiti\u00e9 du film apr\u00e8s avoir l\u00e2ch\u00e9 trois soupirs et suffisamment papillonn\u00e9 des yeux pour les garder ouverts. Les situations (et non les personnages) gagneront en int\u00e9r\u00eat mais pourtant, quelque chose clochera toujours : ah oui, l\u2019encha\u00eenement des sc\u00e8nes, car le grief principal persistera.\u00a0<\/p>\n\n\n\n<p>Le choix des musiques quant \u00e0 lui, laisse dubitatif,  car les morceaux ne magnifient pas les sc\u00e8nes ; ils sont au mieux une jolie carte postale des ann\u00e9es 80. A l\u2019image des sc\u00e8nes, ils se contentent de d\u00e9filer et prouvent au mieux la culture musicale de l\u2019\u00e9quipe charg\u00e9e de la BO. Que dire de la VF? Le doublage est \u00e0 saigner des oreilles. L\u2019accent italien est surjou\u00e9 et contribue \u00e0 rendre les \u00e9changes pompeux et ridicules. C\u2019\u00e9tait pourtant le clich\u00e9 \u00e0 \u00e9viter&#8230; Quant \u00e0 la VO? C\u2019est du m\u00eame acabit : on tutoie clairement le grotesque. Une suggestion ? Mmmmmmh&#8230;.. Et pourquoi pas une version avec acteurs italophones histoire de gagner en authenticit\u00e9 ??? S\u00e9rieusement les gars, y\u2019en n&rsquo;a pas un qui y a pens\u00e9 lors d&rsquo;une r\u00e9union de chantier ?! C\u00f4t\u00e9 personnages, il faut de tout pour faire un monde :<\/p>\n\n\n\n<ul class=\"wp-block-list\"><li>Maurizio est salement b\u00e2cl\u00e9 alors m\u00eame qu\u2019Adam Driver semblait tout indiqu\u00e9 pour le r\u00f4le. De l&rsquo;\u00e9tudiant id\u00e9aliste au flambeur d\u00e9connect\u00e9 de la r\u00e9alit\u00e9, de l&rsquo;amoureux transi au mari d\u00e9sint\u00e9ress\u00e9, on n&rsquo;assite pas \u00e0 son changement. On le constate mais ne ressent pas le d\u00e9litement, ce qui manque cruellement pour saisir  l\u2019\u00e9volution des \u00e9motions, des sentiments et de l&rsquo;\u00e9tat d&rsquo;esprit de chacun et par l\u00e0-m\u00eame, l\u2019issue fatale qui se dessine (car, si vous ne l\u2019avez toujours pas compris malgr\u00e9 mes appels du pied, \u00e0 la fin, Maurizio -&gt; couic).&nbsp;<\/li><li>Stefani Germanotta a le physique du r\u00f4le. Certains regretteront le fait qu\u2019elle soit davantage une maladroite et vulgaire potiche plut\u00f4t qu\u2019une femme fatale mais c\u2019est justement l\u2019aspect que j\u2019ai appr\u00e9ci\u00e9. Patrizia Reggiani est une prol\u00e9taire (prolo un jour prolo toujours) et force est de reconna\u00eetre que l\u2019actrice l\u2019incarne. Croyez-le ou non, c\u2019est un compliment.<\/li><li>Jared Leto est i-n-s-u-p-p-o-r-t-a-b-l-e. Son interpr\u00e9tation sing\u00e9e est path\u00e9tique et vous serez litt\u00e9ralement g\u00ean\u00e9 pour lui. <\/li><li>Salma Hayek est insignifiante et Camille Cottin la talonne.&nbsp;<\/li><li>Al Pacino est d\u00e9cevant.&nbsp;<\/li><li>Seul Jeremy Irons semble r\u00e9ellement tirer son \u00e9pingle du jeu, en incarnant \u00e0 lui seul (ou seulement lui), la prestance attach\u00e9e \u00e0 la maison Gucci.<\/li><\/ul>\n\n\n\n<p><strong>Et au final, on en pense quoi ?<\/strong> La prise de pouvoir manque de perfidie, le glissement insidieux n\u2019est malheureusement pas suffisamment travaill\u00e9 pour qu\u2019on en jouisse. Jamais on n\u2019\u00e9carquille les yeux, jamais on ne s\u2019offusque, jamais on ne manque de s\u2019\u00e9touffer. En bref, rien ne vous prendra aux tripes. Alors, ne perdez pas des heures de vie.<\/p>\n\n\n\n<p class=\"has-text-align-center\"><\/p>\n\n\n\n<p>> Actuellement sur Canal +<\/p>\n","protected":false},"excerpt":{"rendered":"<p>\u00ab Tu as atteint un sommet de m\u00e9diocrit\u00e9 ! \u00bb Quoi de mieux qu\u2019emprunter une r\u00e9plique d\u2019Al Pacino, alias Aldo Gucci, \u00e0 l\u2019attention de son &hellip;<\/p>\n","protected":false},"author":1,"featured_media":945,"comment_status":"closed","ping_status":"closed","sticky":false,"template":"","format":"standard","meta":{"footnotes":""},"categories":[19],"tags":[],"class_list":["post-31","post","type-post","status-publish","format-standard","has-post-thumbnail","hentry","category-biopic"],"_links":{"self":[{"href":"https:\/\/leseptiemeart.com\/index.php\/wp-json\/wp\/v2\/posts\/31","targetHints":{"allow":["GET"]}}],"collection":[{"href":"https:\/\/leseptiemeart.com\/index.php\/wp-json\/wp\/v2\/posts"}],"about":[{"href":"https:\/\/leseptiemeart.com\/index.php\/wp-json\/wp\/v2\/types\/post"}],"author":[{"embeddable":true,"href":"https:\/\/leseptiemeart.com\/index.php\/wp-json\/wp\/v2\/users\/1"}],"replies":[{"embeddable":true,"href":"https:\/\/leseptiemeart.com\/index.php\/wp-json\/wp\/v2\/comments?post=31"}],"version-history":[{"count":68,"href":"https:\/\/leseptiemeart.com\/index.php\/wp-json\/wp\/v2\/posts\/31\/revisions"}],"predecessor-version":[{"id":1644,"href":"https:\/\/leseptiemeart.com\/index.php\/wp-json\/wp\/v2\/posts\/31\/revisions\/1644"}],"wp:featuredmedia":[{"embeddable":true,"href":"https:\/\/leseptiemeart.com\/index.php\/wp-json\/wp\/v2\/media\/945"}],"wp:attachment":[{"href":"https:\/\/leseptiemeart.com\/index.php\/wp-json\/wp\/v2\/media?parent=31"}],"wp:term":[{"taxonomy":"category","embeddable":true,"href":"https:\/\/leseptiemeart.com\/index.php\/wp-json\/wp\/v2\/categories?post=31"},{"taxonomy":"post_tag","embeddable":true,"href":"https:\/\/leseptiemeart.com\/index.php\/wp-json\/wp\/v2\/tags?post=31"}],"curies":[{"name":"wp","href":"https:\/\/api.w.org\/{rel}","templated":true}]}}